{"id":5404,"date":"2021-09-27T14:31:50","date_gmt":"2021-09-27T12:31:50","guid":{"rendered":"https:\/\/ultraviolet.work\/_commercelocal\/?p=5404"},"modified":"2021-10-01T09:18:04","modified_gmt":"2021-10-01T07:18:04","slug":"multi-bd","status":"publish","type":"post","link":"https:\/\/ultraviolet.work\/_commercelocal\/2021\/09\/27\/multi-bd\/","title":{"rendered":"Multi-BD"},"content":{"rendered":"<p>[et_pb_section fb_built=\u00a0\u00bb1&Prime; _builder_version=\u00a0\u00bb4.10.8&Prime; _module_preset=\u00a0\u00bbdefault\u00a0\u00bb global_colors_info=\u00a0\u00bb{}\u00a0\u00bb][et_pb_row column_structure=\u00a0\u00bb3_5,2_5&Prime; _builder_version=\u00a0\u00bb4.10.8&Prime; _module_preset=\u00a0\u00bbdefault\u00a0\u00bb global_colors_info=\u00a0\u00bb{}\u00a0\u00bb][et_pb_column type=\u00a0\u00bb3_5&Prime; _builder_version=\u00a0\u00bb4.10.8&Prime; _module_preset=\u00a0\u00bbdefault\u00a0\u00bb global_colors_info=\u00a0\u00bb{}\u00a0\u00bb][et_pb_text _builder_version=\u00a0\u00bb4.10.8&Prime; _module_preset=\u00a0\u00bbdefault\u00a0\u00bb custom_margin=\u00a0\u00bb20px||40px||false|false\u00a0\u00bb hover_enabled=\u00a0\u00bb0&Prime; global_colors_info=\u00a0\u00bb{}\u00a0\u00bb sticky_enabled=\u00a0\u00bb0&Prime;]<\/p>\n<p>Dans le cadre de l\u2019exposition Lucky Luke qui se tient actuellement \u00e0 la Galerie Anspach, venez \u00e0 la rencontre de Mawil, auteur berlinois \u00e0 l\u2019origine du premier hommage au plus c\u00e9l\u00e8bre des cow-boys par un dessinateur allemand. Mawil\u00a0d\u00e9dicacera l\u2019album\u00a0\u00ab\u00a0Lucky Luke se recycle\u00a0\u00bb\u00a0&#8211; d\u00e9j\u00e0 un incontournable pour tous les passionn\u00e9s de western et de v\u00e9lo &#8211;\u00a0ce samedi 25 septembre de 14h \u00e0 16h\u00a0\u00e0 la Galerie\u00a0Anspach<\/p>\n<p>[\/et_pb_text][\/et_pb_column][et_pb_column type=\u00a0\u00bb2_5&Prime; _builder_version=\u00a0\u00bb4.10.8&Prime; _module_preset=\u00a0\u00bbdefault\u00a0\u00bb global_colors_info=\u00a0\u00bb{}\u00a0\u00bb][et_pb_text _builder_version=\u00a0\u00bb4.10.8&Prime; _module_preset=\u00a0\u00bbdefault\u00a0\u00bb custom_margin=\u00a0\u00bb20px||40px||false|false\u00a0\u00bb hover_enabled=\u00a0\u00bb0&Prime; global_colors_info=\u00a0\u00bb{}\u00a0\u00bb sticky_enabled=\u00a0\u00bb0&Prime;]<\/p>\n<h3>Multi BD<\/h3>\n<h5>Bd Anspach 122-124<br \/>1000 Bruxelles<\/h5>\n<h6>Du lundi au samedi de 10h30 \u00e0 19h<br \/>Le dimanche de 12h30 \u00e0 18h30.<\/h6>\n<p>[\/et_pb_text][\/et_pb_column][\/et_pb_row][et_pb_row _builder_version=\u00a0\u00bb4.10.8&Prime; _module_preset=\u00a0\u00bbdefault\u00a0\u00bb global_colors_info=\u00a0\u00bb{}\u00a0\u00bb][et_pb_column type=\u00a0\u00bb4_4&Prime; _builder_version=\u00a0\u00bb4.10.8&Prime; _module_preset=\u00a0\u00bbdefault\u00a0\u00bb global_colors_info=\u00a0\u00bb{}\u00a0\u00bb][et_pb_image src=\u00a0\u00bbhttps:\/\/ultraviolet.work\/_commercelocal\/wp-content\/uploads\/2021\/09\/Multi-BD-2021-1200&#215;800-1.jpg\u00a0\u00bb title_text=\u00a0\u00bbMulti-BD-2021-1200&#215;800&Prime; _builder_version=\u00a0\u00bb4.10.8&Prime; _module_preset=\u00a0\u00bbdefault\u00a0\u00bb hover_enabled=\u00a0\u00bb0&Prime; global_colors_info=\u00a0\u00bb{}\u00a0\u00bb sticky_enabled=\u00a0\u00bb0&Prime;][\/et_pb_image][\/et_pb_column][\/et_pb_row][\/et_pb_section]<\/p>\n","protected":false},"excerpt":{"rendered":"<p>Dans le cadre de l\u2019exposition Lucky Luke qui se tient actuellement \u00e0 la Galerie Anspach, venez \u00e0 la rencontre de Mawil, auteur berlinois \u00e0 l\u2019origine du premier hommage au plus c\u00e9l\u00e8bre des cow-boys par un dessinateur allemand. Mawil\u00a0d\u00e9dicacera l\u2019album\u00a0\u00ab\u00a0Lucky Luke se recycle\u00a0\u00bb\u00a0&#8211; d\u00e9j\u00e0 un incontournable pour tous les passionn\u00e9s de western et de v\u00e9lo &#8211;\u00a0ce [&hellip;]<\/p>\n","protected":false},"author":5,"featured_media":5407,"comment_status":"closed","ping_status":"closed","sticky":false,"template":"","format":"standard","meta":{"_et_pb_use_builder":"on","_et_pb_old_content":"","_et_gb_content_width":"1200","inline_featured_image":false,"footnotes":""},"categories":[79],"tags":[],"wf_post_folders":[90],"class_list":["post-5404","post","type-post","status-publish","format-standard","has-post-thumbnail","hentry","category-formidables"],"yoast_head":"<!-- This site is optimized with the Yoast SEO plugin v27.5 - https:\/\/yoast.com\/product\/yoast-seo-wordpress\/ -->\n<title>Multi-BD - Le commerce local \u00e0 Bruxelles<\/title>\n<meta name=\"description\" content=\"Les commer\u00e7ants de Bruxelles sont formidables! Ils nous parlent de leur quartier et de la joie qu\u2019ils ont \u00e0 ouvrir leur porte!\" \/>\n<meta name=\"robots\" content=\"noindex, follow\" \/>\n<meta property=\"og:locale\" content=\"fr_FR\" \/>\n<meta property=\"og:type\" content=\"article\" \/>\n<meta property=\"og:title\" content=\"Multi-BD - Le commerce local \u00e0 Bruxelles\" \/>\n<meta property=\"og:description\" content=\"Les commer\u00e7ants de Bruxelles sont formidables! Ils nous parlent de leur quartier et de la joie qu\u2019ils ont \u00e0 ouvrir leur porte!\" \/>\n<meta property=\"og:url\" content=\"https:\/\/ultraviolet.work\/_commercelocal\/2021\/09\/27\/multi-bd\/\" \/>\n<meta property=\"og:site_name\" content=\"Le commerce local \u00e0 Bruxelles\" \/>\n<meta property=\"article:publisher\" content=\"https:\/\/www.facebook.com\/ishopinbrussels\/\" \/>\n<meta property=\"article:published_time\" content=\"2021-09-27T12:31:50+00:00\" \/>\n<meta property=\"article:modified_time\" content=\"2021-10-01T07:18:04+00:00\" \/>\n<meta property=\"og:image\" content=\"https:\/\/ultraviolet.work\/_commercelocal\/wp-content\/uploads\/2021\/09\/Multi-BD-2021-1200x800-1.jpg\" \/>\n\t<meta property=\"og:image:width\" content=\"1200\" \/>\n\t<meta property=\"og:image:height\" content=\"800\" \/>\n\t<meta property=\"og:image:type\" content=\"image\/jpeg\" \/>\n<meta name=\"author\" content=\"Yves FIEVE\" \/>\n<meta name=\"twitter:card\" content=\"summary_large_image\" \/>\n<meta name=\"twitter:label1\" content=\"\u00c9crit par\" \/>\n\t<meta name=\"twitter:data1\" content=\"Yves FIEVE\" \/>\n\t<meta name=\"twitter:label2\" content=\"Dur\u00e9e de lecture estim\u00e9e\" \/>\n\t<meta name=\"twitter:data2\" content=\"1 minute\" \/>\n<script type=\"application\/ld+json\" class=\"yoast-schema-graph\">{\"@context\":\"https:\\\/\\\/schema.org\",\"@graph\":[{\"@type\":\"Article\",\"@id\":\"https:\\\/\\\/ultraviolet.work\\\/_commercelocal\\\/2021\\\/09\\\/27\\\/multi-bd\\\/#article\",\"isPartOf\":{\"@id\":\"https:\\\/\\\/ultraviolet.work\\\/_commercelocal\\\/2021\\\/09\\\/27\\\/multi-bd\\\/\"},\"author\":{\"name\":\"Yves FIEVE\",\"@id\":\"https:\\\/\\\/ultraviolet.work\\\/_commercelocal\\\/#\\\/schema\\\/person\\\/a32b08d94bb9931cf714081f07b7e706\"},\"headline\":\"Multi-BD\",\"datePublished\":\"2021-09-27T12:31:50+00:00\",\"dateModified\":\"2021-10-01T07:18:04+00:00\",\"mainEntityOfPage\":{\"@id\":\"https:\\\/\\\/ultraviolet.work\\\/_commercelocal\\\/2021\\\/09\\\/27\\\/multi-bd\\\/\"},\"wordCount\":265,\"publisher\":{\"@id\":\"https:\\\/\\\/ultraviolet.work\\\/_commercelocal\\\/#organization\"},\"image\":{\"@id\":\"https:\\\/\\\/ultraviolet.work\\\/_commercelocal\\\/2021\\\/09\\\/27\\\/multi-bd\\\/#primaryimage\"},\"thumbnailUrl\":\"https:\\\/\\\/ultraviolet.work\\\/_commercelocal\\\/wp-content\\\/uploads\\\/2021\\\/09\\\/Multi-BD-2021-1200x800-1.jpg\",\"articleSection\":[\"Formidables\"],\"inLanguage\":\"fr-FR\"},{\"@type\":\"WebPage\",\"@id\":\"https:\\\/\\\/ultraviolet.work\\\/_commercelocal\\\/2021\\\/09\\\/27\\\/multi-bd\\\/\",\"url\":\"https:\\\/\\\/ultraviolet.work\\\/_commercelocal\\\/2021\\\/09\\\/27\\\/multi-bd\\\/\",\"name\":\"Multi-BD - Le commerce local \u00e0 Bruxelles\",\"isPartOf\":{\"@id\":\"https:\\\/\\\/ultraviolet.work\\\/_commercelocal\\\/#website\"},\"primaryImageOfPage\":{\"@id\":\"https:\\\/\\\/ultraviolet.work\\\/_commercelocal\\\/2021\\\/09\\\/27\\\/multi-bd\\\/#primaryimage\"},\"image\":{\"@id\":\"https:\\\/\\\/ultraviolet.work\\\/_commercelocal\\\/2021\\\/09\\\/27\\\/multi-bd\\\/#primaryimage\"},\"thumbnailUrl\":\"https:\\\/\\\/ultraviolet.work\\\/_commercelocal\\\/wp-content\\\/uploads\\\/2021\\\/09\\\/Multi-BD-2021-1200x800-1.jpg\",\"datePublished\":\"2021-09-27T12:31:50+00:00\",\"dateModified\":\"2021-10-01T07:18:04+00:00\",\"description\":\"Les commer\u00e7ants de Bruxelles sont formidables! Ils nous parlent de leur quartier et de la joie qu\u2019ils ont \u00e0 ouvrir leur porte!\",\"breadcrumb\":{\"@id\":\"https:\\\/\\\/ultraviolet.work\\\/_commercelocal\\\/2021\\\/09\\\/27\\\/multi-bd\\\/#breadcrumb\"},\"inLanguage\":\"fr-FR\",\"potentialAction\":[{\"@type\":\"ReadAction\",\"target\":[\"https:\\\/\\\/ultraviolet.work\\\/_commercelocal\\\/2021\\\/09\\\/27\\\/multi-bd\\\/\"]}]},{\"@type\":\"ImageObject\",\"inLanguage\":\"fr-FR\",\"@id\":\"https:\\\/\\\/ultraviolet.work\\\/_commercelocal\\\/2021\\\/09\\\/27\\\/multi-bd\\\/#primaryimage\",\"url\":\"https:\\\/\\\/ultraviolet.work\\\/_commercelocal\\\/wp-content\\\/uploads\\\/2021\\\/09\\\/Multi-BD-2021-1200x800-1.jpg\",\"contentUrl\":\"https:\\\/\\\/ultraviolet.work\\\/_commercelocal\\\/wp-content\\\/uploads\\\/2021\\\/09\\\/Multi-BD-2021-1200x800-1.jpg\",\"width\":1200,\"height\":800},{\"@type\":\"BreadcrumbList\",\"@id\":\"https:\\\/\\\/ultraviolet.work\\\/_commercelocal\\\/2021\\\/09\\\/27\\\/multi-bd\\\/#breadcrumb\",\"itemListElement\":[{\"@type\":\"ListItem\",\"position\":1,\"name\":\"Accueil\",\"item\":\"https:\\\/\\\/ultraviolet.work\\\/_commercelocal\\\/\"},{\"@type\":\"ListItem\",\"position\":2,\"name\":\"Multi-BD\"}]},{\"@type\":\"WebSite\",\"@id\":\"https:\\\/\\\/ultraviolet.work\\\/_commercelocal\\\/#website\",\"url\":\"https:\\\/\\\/ultraviolet.work\\\/_commercelocal\\\/\",\"name\":\"Le commerce local \u00e0 Bruxelles\",\"description\":\"\",\"publisher\":{\"@id\":\"https:\\\/\\\/ultraviolet.work\\\/_commercelocal\\\/#organization\"},\"potentialAction\":[{\"@type\":\"SearchAction\",\"target\":{\"@type\":\"EntryPoint\",\"urlTemplate\":\"https:\\\/\\\/ultraviolet.work\\\/_commercelocal\\\/?s={search_term_string}\"},\"query-input\":{\"@type\":\"PropertyValueSpecification\",\"valueRequired\":true,\"valueName\":\"search_term_string\"}}],\"inLanguage\":\"fr-FR\"},{\"@type\":\"Organization\",\"@id\":\"https:\\\/\\\/ultraviolet.work\\\/_commercelocal\\\/#organization\",\"name\":\"Le commerce local \u00e0 Bruxelles - I shop in Brussels\",\"url\":\"https:\\\/\\\/ultraviolet.work\\\/_commercelocal\\\/\",\"logo\":{\"@type\":\"ImageObject\",\"inLanguage\":\"fr-FR\",\"@id\":\"https:\\\/\\\/ultraviolet.work\\\/_commercelocal\\\/#\\\/schema\\\/logo\\\/image\\\/\",\"url\":\"https:\\\/\\\/ultraviolet.work\\\/_commercelocal\\\/wp-content\\\/uploads\\\/2020\\\/11\\\/IShopBrussels_w400.png\",\"contentUrl\":\"https:\\\/\\\/ultraviolet.work\\\/_commercelocal\\\/wp-content\\\/uploads\\\/2020\\\/11\\\/IShopBrussels_w400.png\",\"width\":400,\"height\":200,\"caption\":\"Le commerce local \u00e0 Bruxelles - I shop in Brussels\"},\"image\":{\"@id\":\"https:\\\/\\\/ultraviolet.work\\\/_commercelocal\\\/#\\\/schema\\\/logo\\\/image\\\/\"},\"sameAs\":[\"https:\\\/\\\/www.facebook.com\\\/ishopinbrussels\\\/\"]},{\"@type\":\"Person\",\"@id\":\"https:\\\/\\\/ultraviolet.work\\\/_commercelocal\\\/#\\\/schema\\\/person\\\/a32b08d94bb9931cf714081f07b7e706\",\"name\":\"Yves FIEVE\",\"image\":{\"@type\":\"ImageObject\",\"inLanguage\":\"fr-FR\",\"@id\":\"https:\\\/\\\/secure.gravatar.com\\\/avatar\\\/415cd91e6f3df644c4603e81fe236468d82a1afae26d37a42864bfd882ddbcfe?s=96&d=mm&r=g\",\"url\":\"https:\\\/\\\/secure.gravatar.com\\\/avatar\\\/415cd91e6f3df644c4603e81fe236468d82a1afae26d37a42864bfd882ddbcfe?s=96&d=mm&r=g\",\"contentUrl\":\"https:\\\/\\\/secure.gravatar.com\\\/avatar\\\/415cd91e6f3df644c4603e81fe236468d82a1afae26d37a42864bfd882ddbcfe?s=96&d=mm&r=g\",\"caption\":\"Yves FIEVE\"},\"url\":\"https:\\\/\\\/ultraviolet.work\\\/_commercelocal\\\/author\\\/gestionnaire\\\/\"}]}<\/script>\n<!-- \/ Yoast SEO plugin. -->","yoast_head_json":{"title":"Multi-BD - Le commerce local \u00e0 Bruxelles","description":"Les commer\u00e7ants de Bruxelles sont formidables! Ils nous parlent de leur quartier et de la joie qu\u2019ils ont \u00e0 ouvrir leur porte!","robots":{"index":"noindex","follow":"follow"},"og_locale":"fr_FR","og_type":"article","og_title":"Multi-BD - Le commerce local \u00e0 Bruxelles","og_description":"Les commer\u00e7ants de Bruxelles sont formidables! Ils nous parlent de leur quartier et de la joie qu\u2019ils ont \u00e0 ouvrir leur porte!","og_url":"https:\/\/ultraviolet.work\/_commercelocal\/2021\/09\/27\/multi-bd\/","og_site_name":"Le commerce local \u00e0 Bruxelles","article_publisher":"https:\/\/www.facebook.com\/ishopinbrussels\/","article_published_time":"2021-09-27T12:31:50+00:00","article_modified_time":"2021-10-01T07:18:04+00:00","og_image":[{"width":1200,"height":800,"url":"https:\/\/ultraviolet.work\/_commercelocal\/wp-content\/uploads\/2021\/09\/Multi-BD-2021-1200x800-1.jpg","type":"image\/jpeg"}],"author":"Yves FIEVE","twitter_card":"summary_large_image","twitter_misc":{"\u00c9crit par":"Yves FIEVE","Dur\u00e9e de lecture estim\u00e9e":"1 minute"},"schema":{"@context":"https:\/\/schema.org","@graph":[{"@type":"Article","@id":"https:\/\/ultraviolet.work\/_commercelocal\/2021\/09\/27\/multi-bd\/#article","isPartOf":{"@id":"https:\/\/ultraviolet.work\/_commercelocal\/2021\/09\/27\/multi-bd\/"},"author":{"name":"Yves FIEVE","@id":"https:\/\/ultraviolet.work\/_commercelocal\/#\/schema\/person\/a32b08d94bb9931cf714081f07b7e706"},"headline":"Multi-BD","datePublished":"2021-09-27T12:31:50+00:00","dateModified":"2021-10-01T07:18:04+00:00","mainEntityOfPage":{"@id":"https:\/\/ultraviolet.work\/_commercelocal\/2021\/09\/27\/multi-bd\/"},"wordCount":265,"publisher":{"@id":"https:\/\/ultraviolet.work\/_commercelocal\/#organization"},"image":{"@id":"https:\/\/ultraviolet.work\/_commercelocal\/2021\/09\/27\/multi-bd\/#primaryimage"},"thumbnailUrl":"https:\/\/ultraviolet.work\/_commercelocal\/wp-content\/uploads\/2021\/09\/Multi-BD-2021-1200x800-1.jpg","articleSection":["Formidables"],"inLanguage":"fr-FR"},{"@type":"WebPage","@id":"https:\/\/ultraviolet.work\/_commercelocal\/2021\/09\/27\/multi-bd\/","url":"https:\/\/ultraviolet.work\/_commercelocal\/2021\/09\/27\/multi-bd\/","name":"Multi-BD - Le commerce local \u00e0 Bruxelles","isPartOf":{"@id":"https:\/\/ultraviolet.work\/_commercelocal\/#website"},"primaryImageOfPage":{"@id":"https:\/\/ultraviolet.work\/_commercelocal\/2021\/09\/27\/multi-bd\/#primaryimage"},"image":{"@id":"https:\/\/ultraviolet.work\/_commercelocal\/2021\/09\/27\/multi-bd\/#primaryimage"},"thumbnailUrl":"https:\/\/ultraviolet.work\/_commercelocal\/wp-content\/uploads\/2021\/09\/Multi-BD-2021-1200x800-1.jpg","datePublished":"2021-09-27T12:31:50+00:00","dateModified":"2021-10-01T07:18:04+00:00","description":"Les commer\u00e7ants de Bruxelles sont formidables! Ils nous parlent de leur quartier et de la joie qu\u2019ils ont \u00e0 ouvrir leur porte!","breadcrumb":{"@id":"https:\/\/ultraviolet.work\/_commercelocal\/2021\/09\/27\/multi-bd\/#breadcrumb"},"inLanguage":"fr-FR","potentialAction":[{"@type":"ReadAction","target":["https:\/\/ultraviolet.work\/_commercelocal\/2021\/09\/27\/multi-bd\/"]}]},{"@type":"ImageObject","inLanguage":"fr-FR","@id":"https:\/\/ultraviolet.work\/_commercelocal\/2021\/09\/27\/multi-bd\/#primaryimage","url":"https:\/\/ultraviolet.work\/_commercelocal\/wp-content\/uploads\/2021\/09\/Multi-BD-2021-1200x800-1.jpg","contentUrl":"https:\/\/ultraviolet.work\/_commercelocal\/wp-content\/uploads\/2021\/09\/Multi-BD-2021-1200x800-1.jpg","width":1200,"height":800},{"@type":"BreadcrumbList","@id":"https:\/\/ultraviolet.work\/_commercelocal\/2021\/09\/27\/multi-bd\/#breadcrumb","itemListElement":[{"@type":"ListItem","position":1,"name":"Accueil","item":"https:\/\/ultraviolet.work\/_commercelocal\/"},{"@type":"ListItem","position":2,"name":"Multi-BD"}]},{"@type":"WebSite","@id":"https:\/\/ultraviolet.work\/_commercelocal\/#website","url":"https:\/\/ultraviolet.work\/_commercelocal\/","name":"Le commerce local \u00e0 Bruxelles","description":"","publisher":{"@id":"https:\/\/ultraviolet.work\/_commercelocal\/#organization"},"potentialAction":[{"@type":"SearchAction","target":{"@type":"EntryPoint","urlTemplate":"https:\/\/ultraviolet.work\/_commercelocal\/?s={search_term_string}"},"query-input":{"@type":"PropertyValueSpecification","valueRequired":true,"valueName":"search_term_string"}}],"inLanguage":"fr-FR"},{"@type":"Organization","@id":"https:\/\/ultraviolet.work\/_commercelocal\/#organization","name":"Le commerce local \u00e0 Bruxelles - I shop in Brussels","url":"https:\/\/ultraviolet.work\/_commercelocal\/","logo":{"@type":"ImageObject","inLanguage":"fr-FR","@id":"https:\/\/ultraviolet.work\/_commercelocal\/#\/schema\/logo\/image\/","url":"https:\/\/ultraviolet.work\/_commercelocal\/wp-content\/uploads\/2020\/11\/IShopBrussels_w400.png","contentUrl":"https:\/\/ultraviolet.work\/_commercelocal\/wp-content\/uploads\/2020\/11\/IShopBrussels_w400.png","width":400,"height":200,"caption":"Le commerce local \u00e0 Bruxelles - I shop in Brussels"},"image":{"@id":"https:\/\/ultraviolet.work\/_commercelocal\/#\/schema\/logo\/image\/"},"sameAs":["https:\/\/www.facebook.com\/ishopinbrussels\/"]},{"@type":"Person","@id":"https:\/\/ultraviolet.work\/_commercelocal\/#\/schema\/person\/a32b08d94bb9931cf714081f07b7e706","name":"Yves FIEVE","image":{"@type":"ImageObject","inLanguage":"fr-FR","@id":"https:\/\/secure.gravatar.com\/avatar\/415cd91e6f3df644c4603e81fe236468d82a1afae26d37a42864bfd882ddbcfe?s=96&d=mm&r=g","url":"https:\/\/secure.gravatar.com\/avatar\/415cd91e6f3df644c4603e81fe236468d82a1afae26d37a42864bfd882ddbcfe?s=96&d=mm&r=g","contentUrl":"https:\/\/secure.gravatar.com\/avatar\/415cd91e6f3df644c4603e81fe236468d82a1afae26d37a42864bfd882ddbcfe?s=96&d=mm&r=g","caption":"Yves FIEVE"},"url":"https:\/\/ultraviolet.work\/_commercelocal\/author\/gestionnaire\/"}]}},"_links":{"self":[{"href":"https:\/\/ultraviolet.work\/_commercelocal\/wp-json\/wp\/v2\/posts\/5404","targetHints":{"allow":["GET"]}}],"collection":[{"href":"https:\/\/ultraviolet.work\/_commercelocal\/wp-json\/wp\/v2\/posts"}],"about":[{"href":"https:\/\/ultraviolet.work\/_commercelocal\/wp-json\/wp\/v2\/types\/post"}],"author":[{"embeddable":true,"href":"https:\/\/ultraviolet.work\/_commercelocal\/wp-json\/wp\/v2\/users\/5"}],"replies":[{"embeddable":true,"href":"https:\/\/ultraviolet.work\/_commercelocal\/wp-json\/wp\/v2\/comments?post=5404"}],"version-history":[{"count":0,"href":"https:\/\/ultraviolet.work\/_commercelocal\/wp-json\/wp\/v2\/posts\/5404\/revisions"}],"wp:featuredmedia":[{"embeddable":true,"href":"https:\/\/ultraviolet.work\/_commercelocal\/wp-json\/wp\/v2\/media\/5407"}],"wp:attachment":[{"href":"https:\/\/ultraviolet.work\/_commercelocal\/wp-json\/wp\/v2\/media?parent=5404"}],"wp:term":[{"taxonomy":"category","embeddable":true,"href":"https:\/\/ultraviolet.work\/_commercelocal\/wp-json\/wp\/v2\/categories?post=5404"},{"taxonomy":"post_tag","embeddable":true,"href":"https:\/\/ultraviolet.work\/_commercelocal\/wp-json\/wp\/v2\/tags?post=5404"},{"taxonomy":"wf_post_folders","embeddable":true,"href":"https:\/\/ultraviolet.work\/_commercelocal\/wp-json\/wp\/v2\/wf_post_folders?post=5404"}],"curies":[{"name":"wp","href":"https:\/\/api.w.org\/{rel}","templated":true}]}}