{"id":5409,"date":"2021-09-27T14:38:54","date_gmt":"2021-09-27T12:38:54","guid":{"rendered":"https:\/\/ultraviolet.work\/_commercelocal\/?p=5409"},"modified":"2021-10-01T09:17:59","modified_gmt":"2021-10-01T07:17:59","slug":"didier-wauters-opticien","status":"publish","type":"post","link":"https:\/\/ultraviolet.work\/_commercelocal\/2021\/09\/27\/didier-wauters-opticien\/","title":{"rendered":"Didier Wauters Opticien"},"content":{"rendered":"<p>[et_pb_section fb_built=\u00a0\u00bb1&Prime; _builder_version=\u00a0\u00bb4.10.8&Prime; _module_preset=\u00a0\u00bbdefault\u00a0\u00bb global_colors_info=\u00a0\u00bb{}\u00a0\u00bb][et_pb_row column_structure=\u00a0\u00bb3_5,2_5&Prime; make_equal=\u00a0\u00bbon\u00a0\u00bb _builder_version=\u00a0\u00bb4.10.8&Prime; _module_preset=\u00a0\u00bbdefault\u00a0\u00bb global_colors_info=\u00a0\u00bb{}\u00a0\u00bb][et_pb_column type=\u00a0\u00bb3_5&Prime; _builder_version=\u00a0\u00bb4.10.8&Prime; _module_preset=\u00a0\u00bbdefault\u00a0\u00bb global_colors_info=\u00a0\u00bb{}\u00a0\u00bb][et_pb_text _builder_version=\u00a0\u00bb4.10.8&Prime; _module_preset=\u00a0\u00bbdefault\u00a0\u00bb custom_margin=\u00a0\u00bb20px||40px||false|false\u00a0\u00bb hover_enabled=\u00a0\u00bb0&Prime; global_colors_info=\u00a0\u00bb{}\u00a0\u00bb sticky_enabled=\u00a0\u00bb0&Prime;]<\/p>\n<p>Nous sommes install\u00e9s rue Blaes dans les Marolles, quartier d\u2019Arts, vivant et cr\u00e9atif. <br \/>Nous vous proposons un espace original imagin\u00e9 par nos neveux architectes, Louise Wauters et Lionel Claude et dont le mobilier est issu de l\u2019\u00e9conomie circulaire. <br \/>Venez d\u00e9couvrir un espace \u00ab salon \u00bb lumineux \u00e0 l\u2019ambiance lounge o\u00f9 la plupart des \u00e9l\u00e9ments du mobilier ont d\u00e9j\u00e0 une histoire, une patine. Nous avons r\u00e9ussi \u00e0 les d\u00e9tourner, les m\u00e9tamorphoser, les remodeler et \u00e0 les mettre en sc\u00e8ne en une sorte de cabinet des curiosit\u00e9s tr\u00e8s cosy. Amoureux des formes, des couleurs, des textures, nous accueillons aussi r\u00e9guli\u00e8rement des expositions d\u2019artistes Bruxellois en nos murs.<\/p>\n<p>Chez nous, vous vous sentirez chez vous !<\/p>\n<p>[\/et_pb_text][\/et_pb_column][et_pb_column type=\u00a0\u00bb2_5&Prime; _builder_version=\u00a0\u00bb4.10.8&Prime; _module_preset=\u00a0\u00bbdefault\u00a0\u00bb global_colors_info=\u00a0\u00bb{}\u00a0\u00bb][et_pb_text _builder_version=\u00a0\u00bb4.10.8&Prime; _module_preset=\u00a0\u00bbdefault\u00a0\u00bb custom_margin=\u00a0\u00bb20px||40px||false|false\u00a0\u00bb global_colors_info=\u00a0\u00bb{}\u00a0\u00bb]<\/p>\n<h3>Didier Wauters Opticien<\/h3>\n<h5><span>Rue Blaes 55, 1000 Bruxelles<\/span><br \/>1000 Bruxelles<\/h5>\n<h6>Du lundi au samedi de 10h30 \u00e0 19h<br \/>Le dimanche de 12h30 \u00e0 18h30.<\/h6>\n<p>[\/et_pb_text][\/et_pb_column][\/et_pb_row][et_pb_row _builder_version=\u00a0\u00bb4.10.8&Prime; _module_preset=\u00a0\u00bbdefault\u00a0\u00bb global_colors_info=\u00a0\u00bb{}\u00a0\u00bb][et_pb_column type=\u00a0\u00bb4_4&Prime; _builder_version=\u00a0\u00bb4.10.8&Prime; _module_preset=\u00a0\u00bbdefault\u00a0\u00bb global_colors_info=\u00a0\u00bb{}\u00a0\u00bb][et_pb_image src=\u00a0\u00bbhttps:\/\/ultraviolet.work\/_commercelocal\/wp-content\/uploads\/2021\/09\/Didier-Wauters-2021-1200&#215;800-1.jpg\u00a0\u00bb title_text=\u00a0\u00bbDidier-Wauters-2021-1200&#215;800&Prime; _builder_version=\u00a0\u00bb4.10.8&Prime; _module_preset=\u00a0\u00bbdefault\u00a0\u00bb global_colors_info=\u00a0\u00bb{}\u00a0\u00bb][\/et_pb_image][\/et_pb_column][\/et_pb_row][\/et_pb_section]<\/p>\n","protected":false},"excerpt":{"rendered":"<p>Nous sommes install\u00e9s rue Blaes dans les Marolles, quartier d\u2019Arts, vivant et cr\u00e9atif. Nous vous proposons un espace original imagin\u00e9 par nos neveux architectes, Louise Wauters et Lionel Claude et dont le mobilier est issu de l\u2019\u00e9conomie circulaire. Venez d\u00e9couvrir un espace \u00ab salon \u00bb lumineux \u00e0 l\u2019ambiance lounge o\u00f9 la plupart des \u00e9l\u00e9ments du [&hellip;]<\/p>\n","protected":false},"author":5,"featured_media":5406,"comment_status":"closed","ping_status":"closed","sticky":false,"template":"","format":"standard","meta":{"_et_pb_use_builder":"on","_et_pb_old_content":"","_et_gb_content_width":"1200","inline_featured_image":false,"footnotes":""},"categories":[79],"tags":[],"wf_post_folders":[90],"class_list":["post-5409","post","type-post","status-publish","format-standard","has-post-thumbnail","hentry","category-formidables"],"yoast_head":"<!-- This site is optimized with the Yoast SEO plugin v27.5 - https:\/\/yoast.com\/product\/yoast-seo-wordpress\/ -->\n<title>Didier Wauters Opticien - Le commerce local \u00e0 Bruxelles<\/title>\n<meta name=\"description\" content=\"Les commer\u00e7ants de Bruxelles sont formidables! Ils nous parlent de leur quartier et de la joie qu\u2019ils ont \u00e0 ouvrir leur porte!\" \/>\n<meta name=\"robots\" content=\"noindex, follow\" \/>\n<meta property=\"og:locale\" content=\"fr_FR\" \/>\n<meta property=\"og:type\" content=\"article\" \/>\n<meta property=\"og:title\" content=\"Didier Wauters Opticien - Le commerce local \u00e0 Bruxelles\" \/>\n<meta property=\"og:description\" content=\"Les commer\u00e7ants de Bruxelles sont formidables! Ils nous parlent de leur quartier et de la joie qu\u2019ils ont \u00e0 ouvrir leur porte!\" \/>\n<meta property=\"og:url\" content=\"https:\/\/ultraviolet.work\/_commercelocal\/2021\/09\/27\/didier-wauters-opticien\/\" \/>\n<meta property=\"og:site_name\" content=\"Le commerce local \u00e0 Bruxelles\" \/>\n<meta property=\"article:publisher\" content=\"https:\/\/www.facebook.com\/ishopinbrussels\/\" \/>\n<meta property=\"article:published_time\" content=\"2021-09-27T12:38:54+00:00\" \/>\n<meta property=\"article:modified_time\" content=\"2021-10-01T07:17:59+00:00\" \/>\n<meta property=\"og:image\" content=\"https:\/\/ultraviolet.work\/_commercelocal\/wp-content\/uploads\/2021\/09\/Didier-Wauters-2021-1200x800-1.jpg\" \/>\n\t<meta property=\"og:image:width\" content=\"1200\" \/>\n\t<meta property=\"og:image:height\" content=\"800\" \/>\n\t<meta property=\"og:image:type\" content=\"image\/jpeg\" \/>\n<meta name=\"author\" content=\"Yves FIEVE\" \/>\n<meta name=\"twitter:card\" content=\"summary_large_image\" \/>\n<meta name=\"twitter:label1\" content=\"\u00c9crit par\" \/>\n\t<meta name=\"twitter:data1\" content=\"Yves FIEVE\" \/>\n\t<meta name=\"twitter:label2\" content=\"Dur\u00e9e de lecture estim\u00e9e\" \/>\n\t<meta name=\"twitter:data2\" content=\"1 minute\" \/>\n<script type=\"application\/ld+json\" class=\"yoast-schema-graph\">{\"@context\":\"https:\\\/\\\/schema.org\",\"@graph\":[{\"@type\":\"Article\",\"@id\":\"https:\\\/\\\/ultraviolet.work\\\/_commercelocal\\\/2021\\\/09\\\/27\\\/didier-wauters-opticien\\\/#article\",\"isPartOf\":{\"@id\":\"https:\\\/\\\/ultraviolet.work\\\/_commercelocal\\\/2021\\\/09\\\/27\\\/didier-wauters-opticien\\\/\"},\"author\":{\"name\":\"Yves FIEVE\",\"@id\":\"https:\\\/\\\/ultraviolet.work\\\/_commercelocal\\\/#\\\/schema\\\/person\\\/a32b08d94bb9931cf714081f07b7e706\"},\"headline\":\"Didier Wauters Opticien\",\"datePublished\":\"2021-09-27T12:38:54+00:00\",\"dateModified\":\"2021-10-01T07:17:59+00:00\",\"mainEntityOfPage\":{\"@id\":\"https:\\\/\\\/ultraviolet.work\\\/_commercelocal\\\/2021\\\/09\\\/27\\\/didier-wauters-opticien\\\/\"},\"wordCount\":314,\"publisher\":{\"@id\":\"https:\\\/\\\/ultraviolet.work\\\/_commercelocal\\\/#organization\"},\"image\":{\"@id\":\"https:\\\/\\\/ultraviolet.work\\\/_commercelocal\\\/2021\\\/09\\\/27\\\/didier-wauters-opticien\\\/#primaryimage\"},\"thumbnailUrl\":\"https:\\\/\\\/ultraviolet.work\\\/_commercelocal\\\/wp-content\\\/uploads\\\/2021\\\/09\\\/Didier-Wauters-2021-1200x800-1.jpg\",\"articleSection\":[\"Formidables\"],\"inLanguage\":\"fr-FR\"},{\"@type\":\"WebPage\",\"@id\":\"https:\\\/\\\/ultraviolet.work\\\/_commercelocal\\\/2021\\\/09\\\/27\\\/didier-wauters-opticien\\\/\",\"url\":\"https:\\\/\\\/ultraviolet.work\\\/_commercelocal\\\/2021\\\/09\\\/27\\\/didier-wauters-opticien\\\/\",\"name\":\"Didier Wauters Opticien - Le commerce local \u00e0 Bruxelles\",\"isPartOf\":{\"@id\":\"https:\\\/\\\/ultraviolet.work\\\/_commercelocal\\\/#website\"},\"primaryImageOfPage\":{\"@id\":\"https:\\\/\\\/ultraviolet.work\\\/_commercelocal\\\/2021\\\/09\\\/27\\\/didier-wauters-opticien\\\/#primaryimage\"},\"image\":{\"@id\":\"https:\\\/\\\/ultraviolet.work\\\/_commercelocal\\\/2021\\\/09\\\/27\\\/didier-wauters-opticien\\\/#primaryimage\"},\"thumbnailUrl\":\"https:\\\/\\\/ultraviolet.work\\\/_commercelocal\\\/wp-content\\\/uploads\\\/2021\\\/09\\\/Didier-Wauters-2021-1200x800-1.jpg\",\"datePublished\":\"2021-09-27T12:38:54+00:00\",\"dateModified\":\"2021-10-01T07:17:59+00:00\",\"description\":\"Les commer\u00e7ants de Bruxelles sont formidables! Ils nous parlent de leur quartier et de la joie qu\u2019ils ont \u00e0 ouvrir leur porte!\",\"breadcrumb\":{\"@id\":\"https:\\\/\\\/ultraviolet.work\\\/_commercelocal\\\/2021\\\/09\\\/27\\\/didier-wauters-opticien\\\/#breadcrumb\"},\"inLanguage\":\"fr-FR\",\"potentialAction\":[{\"@type\":\"ReadAction\",\"target\":[\"https:\\\/\\\/ultraviolet.work\\\/_commercelocal\\\/2021\\\/09\\\/27\\\/didier-wauters-opticien\\\/\"]}]},{\"@type\":\"ImageObject\",\"inLanguage\":\"fr-FR\",\"@id\":\"https:\\\/\\\/ultraviolet.work\\\/_commercelocal\\\/2021\\\/09\\\/27\\\/didier-wauters-opticien\\\/#primaryimage\",\"url\":\"https:\\\/\\\/ultraviolet.work\\\/_commercelocal\\\/wp-content\\\/uploads\\\/2021\\\/09\\\/Didier-Wauters-2021-1200x800-1.jpg\",\"contentUrl\":\"https:\\\/\\\/ultraviolet.work\\\/_commercelocal\\\/wp-content\\\/uploads\\\/2021\\\/09\\\/Didier-Wauters-2021-1200x800-1.jpg\",\"width\":1200,\"height\":800},{\"@type\":\"BreadcrumbList\",\"@id\":\"https:\\\/\\\/ultraviolet.work\\\/_commercelocal\\\/2021\\\/09\\\/27\\\/didier-wauters-opticien\\\/#breadcrumb\",\"itemListElement\":[{\"@type\":\"ListItem\",\"position\":1,\"name\":\"Accueil\",\"item\":\"https:\\\/\\\/ultraviolet.work\\\/_commercelocal\\\/\"},{\"@type\":\"ListItem\",\"position\":2,\"name\":\"Didier Wauters Opticien\"}]},{\"@type\":\"WebSite\",\"@id\":\"https:\\\/\\\/ultraviolet.work\\\/_commercelocal\\\/#website\",\"url\":\"https:\\\/\\\/ultraviolet.work\\\/_commercelocal\\\/\",\"name\":\"Le commerce local \u00e0 Bruxelles\",\"description\":\"\",\"publisher\":{\"@id\":\"https:\\\/\\\/ultraviolet.work\\\/_commercelocal\\\/#organization\"},\"potentialAction\":[{\"@type\":\"SearchAction\",\"target\":{\"@type\":\"EntryPoint\",\"urlTemplate\":\"https:\\\/\\\/ultraviolet.work\\\/_commercelocal\\\/?s={search_term_string}\"},\"query-input\":{\"@type\":\"PropertyValueSpecification\",\"valueRequired\":true,\"valueName\":\"search_term_string\"}}],\"inLanguage\":\"fr-FR\"},{\"@type\":\"Organization\",\"@id\":\"https:\\\/\\\/ultraviolet.work\\\/_commercelocal\\\/#organization\",\"name\":\"Le commerce local \u00e0 Bruxelles - I shop in Brussels\",\"url\":\"https:\\\/\\\/ultraviolet.work\\\/_commercelocal\\\/\",\"logo\":{\"@type\":\"ImageObject\",\"inLanguage\":\"fr-FR\",\"@id\":\"https:\\\/\\\/ultraviolet.work\\\/_commercelocal\\\/#\\\/schema\\\/logo\\\/image\\\/\",\"url\":\"https:\\\/\\\/ultraviolet.work\\\/_commercelocal\\\/wp-content\\\/uploads\\\/2020\\\/11\\\/IShopBrussels_w400.png\",\"contentUrl\":\"https:\\\/\\\/ultraviolet.work\\\/_commercelocal\\\/wp-content\\\/uploads\\\/2020\\\/11\\\/IShopBrussels_w400.png\",\"width\":400,\"height\":200,\"caption\":\"Le commerce local \u00e0 Bruxelles - I shop in Brussels\"},\"image\":{\"@id\":\"https:\\\/\\\/ultraviolet.work\\\/_commercelocal\\\/#\\\/schema\\\/logo\\\/image\\\/\"},\"sameAs\":[\"https:\\\/\\\/www.facebook.com\\\/ishopinbrussels\\\/\"]},{\"@type\":\"Person\",\"@id\":\"https:\\\/\\\/ultraviolet.work\\\/_commercelocal\\\/#\\\/schema\\\/person\\\/a32b08d94bb9931cf714081f07b7e706\",\"name\":\"Yves FIEVE\",\"image\":{\"@type\":\"ImageObject\",\"inLanguage\":\"fr-FR\",\"@id\":\"https:\\\/\\\/secure.gravatar.com\\\/avatar\\\/415cd91e6f3df644c4603e81fe236468d82a1afae26d37a42864bfd882ddbcfe?s=96&d=mm&r=g\",\"url\":\"https:\\\/\\\/secure.gravatar.com\\\/avatar\\\/415cd91e6f3df644c4603e81fe236468d82a1afae26d37a42864bfd882ddbcfe?s=96&d=mm&r=g\",\"contentUrl\":\"https:\\\/\\\/secure.gravatar.com\\\/avatar\\\/415cd91e6f3df644c4603e81fe236468d82a1afae26d37a42864bfd882ddbcfe?s=96&d=mm&r=g\",\"caption\":\"Yves FIEVE\"},\"url\":\"https:\\\/\\\/ultraviolet.work\\\/_commercelocal\\\/author\\\/gestionnaire\\\/\"}]}<\/script>\n<!-- \/ Yoast SEO plugin. -->","yoast_head_json":{"title":"Didier Wauters Opticien - Le commerce local \u00e0 Bruxelles","description":"Les commer\u00e7ants de Bruxelles sont formidables! Ils nous parlent de leur quartier et de la joie qu\u2019ils ont \u00e0 ouvrir leur porte!","robots":{"index":"noindex","follow":"follow"},"og_locale":"fr_FR","og_type":"article","og_title":"Didier Wauters Opticien - Le commerce local \u00e0 Bruxelles","og_description":"Les commer\u00e7ants de Bruxelles sont formidables! Ils nous parlent de leur quartier et de la joie qu\u2019ils ont \u00e0 ouvrir leur porte!","og_url":"https:\/\/ultraviolet.work\/_commercelocal\/2021\/09\/27\/didier-wauters-opticien\/","og_site_name":"Le commerce local \u00e0 Bruxelles","article_publisher":"https:\/\/www.facebook.com\/ishopinbrussels\/","article_published_time":"2021-09-27T12:38:54+00:00","article_modified_time":"2021-10-01T07:17:59+00:00","og_image":[{"width":1200,"height":800,"url":"https:\/\/ultraviolet.work\/_commercelocal\/wp-content\/uploads\/2021\/09\/Didier-Wauters-2021-1200x800-1.jpg","type":"image\/jpeg"}],"author":"Yves FIEVE","twitter_card":"summary_large_image","twitter_misc":{"\u00c9crit par":"Yves FIEVE","Dur\u00e9e de lecture estim\u00e9e":"1 minute"},"schema":{"@context":"https:\/\/schema.org","@graph":[{"@type":"Article","@id":"https:\/\/ultraviolet.work\/_commercelocal\/2021\/09\/27\/didier-wauters-opticien\/#article","isPartOf":{"@id":"https:\/\/ultraviolet.work\/_commercelocal\/2021\/09\/27\/didier-wauters-opticien\/"},"author":{"name":"Yves FIEVE","@id":"https:\/\/ultraviolet.work\/_commercelocal\/#\/schema\/person\/a32b08d94bb9931cf714081f07b7e706"},"headline":"Didier Wauters Opticien","datePublished":"2021-09-27T12:38:54+00:00","dateModified":"2021-10-01T07:17:59+00:00","mainEntityOfPage":{"@id":"https:\/\/ultraviolet.work\/_commercelocal\/2021\/09\/27\/didier-wauters-opticien\/"},"wordCount":314,"publisher":{"@id":"https:\/\/ultraviolet.work\/_commercelocal\/#organization"},"image":{"@id":"https:\/\/ultraviolet.work\/_commercelocal\/2021\/09\/27\/didier-wauters-opticien\/#primaryimage"},"thumbnailUrl":"https:\/\/ultraviolet.work\/_commercelocal\/wp-content\/uploads\/2021\/09\/Didier-Wauters-2021-1200x800-1.jpg","articleSection":["Formidables"],"inLanguage":"fr-FR"},{"@type":"WebPage","@id":"https:\/\/ultraviolet.work\/_commercelocal\/2021\/09\/27\/didier-wauters-opticien\/","url":"https:\/\/ultraviolet.work\/_commercelocal\/2021\/09\/27\/didier-wauters-opticien\/","name":"Didier Wauters Opticien - Le commerce local \u00e0 Bruxelles","isPartOf":{"@id":"https:\/\/ultraviolet.work\/_commercelocal\/#website"},"primaryImageOfPage":{"@id":"https:\/\/ultraviolet.work\/_commercelocal\/2021\/09\/27\/didier-wauters-opticien\/#primaryimage"},"image":{"@id":"https:\/\/ultraviolet.work\/_commercelocal\/2021\/09\/27\/didier-wauters-opticien\/#primaryimage"},"thumbnailUrl":"https:\/\/ultraviolet.work\/_commercelocal\/wp-content\/uploads\/2021\/09\/Didier-Wauters-2021-1200x800-1.jpg","datePublished":"2021-09-27T12:38:54+00:00","dateModified":"2021-10-01T07:17:59+00:00","description":"Les commer\u00e7ants de Bruxelles sont formidables! Ils nous parlent de leur quartier et de la joie qu\u2019ils ont \u00e0 ouvrir leur porte!","breadcrumb":{"@id":"https:\/\/ultraviolet.work\/_commercelocal\/2021\/09\/27\/didier-wauters-opticien\/#breadcrumb"},"inLanguage":"fr-FR","potentialAction":[{"@type":"ReadAction","target":["https:\/\/ultraviolet.work\/_commercelocal\/2021\/09\/27\/didier-wauters-opticien\/"]}]},{"@type":"ImageObject","inLanguage":"fr-FR","@id":"https:\/\/ultraviolet.work\/_commercelocal\/2021\/09\/27\/didier-wauters-opticien\/#primaryimage","url":"https:\/\/ultraviolet.work\/_commercelocal\/wp-content\/uploads\/2021\/09\/Didier-Wauters-2021-1200x800-1.jpg","contentUrl":"https:\/\/ultraviolet.work\/_commercelocal\/wp-content\/uploads\/2021\/09\/Didier-Wauters-2021-1200x800-1.jpg","width":1200,"height":800},{"@type":"BreadcrumbList","@id":"https:\/\/ultraviolet.work\/_commercelocal\/2021\/09\/27\/didier-wauters-opticien\/#breadcrumb","itemListElement":[{"@type":"ListItem","position":1,"name":"Accueil","item":"https:\/\/ultraviolet.work\/_commercelocal\/"},{"@type":"ListItem","position":2,"name":"Didier Wauters Opticien"}]},{"@type":"WebSite","@id":"https:\/\/ultraviolet.work\/_commercelocal\/#website","url":"https:\/\/ultraviolet.work\/_commercelocal\/","name":"Le commerce local \u00e0 Bruxelles","description":"","publisher":{"@id":"https:\/\/ultraviolet.work\/_commercelocal\/#organization"},"potentialAction":[{"@type":"SearchAction","target":{"@type":"EntryPoint","urlTemplate":"https:\/\/ultraviolet.work\/_commercelocal\/?s={search_term_string}"},"query-input":{"@type":"PropertyValueSpecification","valueRequired":true,"valueName":"search_term_string"}}],"inLanguage":"fr-FR"},{"@type":"Organization","@id":"https:\/\/ultraviolet.work\/_commercelocal\/#organization","name":"Le commerce local \u00e0 Bruxelles - I shop in Brussels","url":"https:\/\/ultraviolet.work\/_commercelocal\/","logo":{"@type":"ImageObject","inLanguage":"fr-FR","@id":"https:\/\/ultraviolet.work\/_commercelocal\/#\/schema\/logo\/image\/","url":"https:\/\/ultraviolet.work\/_commercelocal\/wp-content\/uploads\/2020\/11\/IShopBrussels_w400.png","contentUrl":"https:\/\/ultraviolet.work\/_commercelocal\/wp-content\/uploads\/2020\/11\/IShopBrussels_w400.png","width":400,"height":200,"caption":"Le commerce local \u00e0 Bruxelles - I shop in Brussels"},"image":{"@id":"https:\/\/ultraviolet.work\/_commercelocal\/#\/schema\/logo\/image\/"},"sameAs":["https:\/\/www.facebook.com\/ishopinbrussels\/"]},{"@type":"Person","@id":"https:\/\/ultraviolet.work\/_commercelocal\/#\/schema\/person\/a32b08d94bb9931cf714081f07b7e706","name":"Yves FIEVE","image":{"@type":"ImageObject","inLanguage":"fr-FR","@id":"https:\/\/secure.gravatar.com\/avatar\/415cd91e6f3df644c4603e81fe236468d82a1afae26d37a42864bfd882ddbcfe?s=96&d=mm&r=g","url":"https:\/\/secure.gravatar.com\/avatar\/415cd91e6f3df644c4603e81fe236468d82a1afae26d37a42864bfd882ddbcfe?s=96&d=mm&r=g","contentUrl":"https:\/\/secure.gravatar.com\/avatar\/415cd91e6f3df644c4603e81fe236468d82a1afae26d37a42864bfd882ddbcfe?s=96&d=mm&r=g","caption":"Yves FIEVE"},"url":"https:\/\/ultraviolet.work\/_commercelocal\/author\/gestionnaire\/"}]}},"_links":{"self":[{"href":"https:\/\/ultraviolet.work\/_commercelocal\/wp-json\/wp\/v2\/posts\/5409","targetHints":{"allow":["GET"]}}],"collection":[{"href":"https:\/\/ultraviolet.work\/_commercelocal\/wp-json\/wp\/v2\/posts"}],"about":[{"href":"https:\/\/ultraviolet.work\/_commercelocal\/wp-json\/wp\/v2\/types\/post"}],"author":[{"embeddable":true,"href":"https:\/\/ultraviolet.work\/_commercelocal\/wp-json\/wp\/v2\/users\/5"}],"replies":[{"embeddable":true,"href":"https:\/\/ultraviolet.work\/_commercelocal\/wp-json\/wp\/v2\/comments?post=5409"}],"version-history":[{"count":0,"href":"https:\/\/ultraviolet.work\/_commercelocal\/wp-json\/wp\/v2\/posts\/5409\/revisions"}],"wp:featuredmedia":[{"embeddable":true,"href":"https:\/\/ultraviolet.work\/_commercelocal\/wp-json\/wp\/v2\/media\/5406"}],"wp:attachment":[{"href":"https:\/\/ultraviolet.work\/_commercelocal\/wp-json\/wp\/v2\/media?parent=5409"}],"wp:term":[{"taxonomy":"category","embeddable":true,"href":"https:\/\/ultraviolet.work\/_commercelocal\/wp-json\/wp\/v2\/categories?post=5409"},{"taxonomy":"post_tag","embeddable":true,"href":"https:\/\/ultraviolet.work\/_commercelocal\/wp-json\/wp\/v2\/tags?post=5409"},{"taxonomy":"wf_post_folders","embeddable":true,"href":"https:\/\/ultraviolet.work\/_commercelocal\/wp-json\/wp\/v2\/wf_post_folders?post=5409"}],"curies":[{"name":"wp","href":"https:\/\/api.w.org\/{rel}","templated":true}]}}